{"id":8735,"date":"2024-11-06T23:22:20","date_gmt":"2024-11-06T23:22:20","guid":{"rendered":"https:\/\/one-offmarbella.com\/?p=8735"},"modified":"2024-12-05T09:25:22","modified_gmt":"2024-12-05T09:25:22","slug":"marilyn-monroe","status":"publish","type":"post","link":"https:\/\/one-offmarbella.com\/en\/marilyn-monroe\/","title":{"rendered":"The Famous Dress of Marilyn Monroe"},"content":{"rendered":"<h2 class=\"wp-block-heading\">El misterio y la historia detr\u00e1s de este icono.<\/h2><p><br>In 1962, at Madison Square Garden, the air was filled with anticipation as Marilyn Monroe prepared for a historic performance in honor of President Kennedy on his 45th birthday. With an aura of mystery and glamour, Marilyn took to the stage wearing a dazzling dress designed by Jean Louis. The dress, snug and sheer, was adorned with over 2,500 crystals that shimmered under the stage lights, while rumors that Marilyn wore nothing underneath added a touch of scandal and excitement to the event.<\/p><p>El momento se grab\u00f3 en la memoria colectiva como un s\u00edmbolo de la conexi\u00f3n entre el mundo del espect\u00e1culo y el poder pol\u00edtico. A\u00f1os despu\u00e9s, en 1999, el vestido ic\u00f3nico fue subastado por una suma asombrosa de m\u00e1s de un mill\u00f3n de d\u00f3lares. Cuando se le pregunt\u00f3 al presidente de la empresa compradora por qu\u00e9 hab\u00edan pagado tanto, respondi\u00f3 con humor: \u201cLo robamos\u201d. Esta an\u00e9cdota a\u00f1adi\u00f3 un toque de intriga y valor a la historia del vestido de Marilyn.<\/p><p>Thus, every time an image of Marilyn in that dress is contemplated, it is remembered that it is not only a masterpiece of fashion but also a piece of history that continues to captivate generations with its timeless charm.<\/p><figure class=\"wp-block-image size-large is-resized\"><img fetchpriority=\"high\" decoding=\"async\" width=\"1024\" height=\"576\" src=\"https:\/\/one-offmarbella.com\/wp-content\/uploads\/2024\/11\/ZMGOBA5O4ZHXNKADNHXWYK3K6U-1024x576.jpg\" alt=\"\" class=\"wp-image-8737\" style=\"width:684px;height:auto\" srcset=\"https:\/\/one-offmarbella.com\/wp-content\/uploads\/2024\/11\/ZMGOBA5O4ZHXNKADNHXWYK3K6U-1024x576.jpg 1024w, https:\/\/one-offmarbella.com\/wp-content\/uploads\/2024\/11\/ZMGOBA5O4ZHXNKADNHXWYK3K6U-600x338.jpg 600w, https:\/\/one-offmarbella.com\/wp-content\/uploads\/2024\/11\/ZMGOBA5O4ZHXNKADNHXWYK3K6U-300x169.jpg 300w, https:\/\/one-offmarbella.com\/wp-content\/uploads\/2024\/11\/ZMGOBA5O4ZHXNKADNHXWYK3K6U-768x432.jpg 768w, https:\/\/one-offmarbella.com\/wp-content\/uploads\/2024\/11\/ZMGOBA5O4ZHXNKADNHXWYK3K6U-1536x864.jpg 1536w, https:\/\/one-offmarbella.com\/wp-content\/uploads\/2024\/11\/ZMGOBA5O4ZHXNKADNHXWYK3K6U-18x10.jpg 18w, https:\/\/one-offmarbella.com\/wp-content\/uploads\/2024\/11\/ZMGOBA5O4ZHXNKADNHXWYK3K6U-200x113.jpg 200w, https:\/\/one-offmarbella.com\/wp-content\/uploads\/2024\/11\/ZMGOBA5O4ZHXNKADNHXWYK3K6U-1320x743.jpg 1320w, https:\/\/one-offmarbella.com\/wp-content\/uploads\/2024\/11\/ZMGOBA5O4ZHXNKADNHXWYK3K6U.jpg 1920w\" sizes=\"(max-width: 1024px) 100vw, 1024px\" \/><figcaption class=\"wp-element-caption\">In this May 19, 1962 photo provided by the John F. Kennedy Presidential Library and Museum, actress Marilyn Monroe wears the iconic gown that she wore while singing &#8220;Happy Birthday&#8221; to President John F. Kennedy at Madison Square Garden, during a reception in New York City. Standing next to Monroe is Steve Smith, President Kennedy&#8217;s brother-in-law. Julien&#8217;s Auctions will offer Monroe&#8217;s gown at auction in Los Angeles on Nov. 17, 2016. (Cecil Stoughton\/White House Photographs, John F. Kennedy Presidential Library and Museum via AP)<\/figcaption><\/figure><p><\/p>","protected":false},"excerpt":{"rendered":"<p>El misticismo que hab\u00eda de una pieza tan ic\u00f3nica de la moda como es el vestido de Marilyn en el cumplea\u00f1os de Kennedy.<\/p>","protected":false},"author":1,"featured_media":8736,"comment_status":"closed","ping_status":"open","sticky":false,"template":"","format":"standard","meta":{"footnotes":""},"categories":[103],"tags":[],"class_list":["post-8735","post","type-post","status-publish","format-standard","has-post-thumbnail","hentry","category-historias-de-lujo"],"yoast_head":"<!-- This site is optimized with the Yoast SEO plugin v24.3 - https:\/\/yoast.com\/wordpress\/plugins\/seo\/ -->\n<title>El Famoso Vestido de Marilyn Monroe - One Off Marbella<\/title>\n<meta name=\"robots\" content=\"index, follow, max-snippet:-1, max-image-preview:large, max-video-preview:-1\" \/>\n<link rel=\"canonical\" href=\"https:\/\/one-offmarbella.com\/en\/marilyn-monroe\/\" \/>\n<meta property=\"og:locale\" content=\"en_US\" \/>\n<meta property=\"og:type\" content=\"article\" \/>\n<meta property=\"og:title\" content=\"El Famoso Vestido de Marilyn Monroe - One Off Marbella\" \/>\n<meta property=\"og:description\" content=\"El misticismo que hab\u00eda de una pieza tan ic\u00f3nica de la moda como es el vestido de Marilyn en el cumplea\u00f1os de Kennedy.\" \/>\n<meta property=\"og:url\" content=\"https:\/\/one-offmarbella.com\/en\/marilyn-monroe\/\" \/>\n<meta property=\"og:site_name\" content=\"One Off Marbella\" \/>\n<meta property=\"article:published_time\" content=\"2024-11-06T23:22:20+00:00\" \/>\n<meta property=\"article:modified_time\" content=\"2024-12-05T09:25:22+00:00\" \/>\n<meta property=\"og:image\" content=\"https:\/\/one-offmarbella.com\/wp-content\/uploads\/2024\/11\/gettyimages-517387764-1.jpg\" \/>\n\t<meta property=\"og:image:width\" content=\"878\" \/>\n\t<meta property=\"og:image:height\" content=\"1200\" \/>\n\t<meta property=\"og:image:type\" content=\"image\/jpeg\" \/>\n<meta name=\"author\" content=\"Abrahamluma03\" \/>\n<meta name=\"twitter:card\" content=\"summary_large_image\" \/>\n<meta name=\"twitter:label1\" content=\"Written by\" \/>\n\t<meta name=\"twitter:data1\" content=\"Abrahamluma03\" \/>\n\t<meta name=\"twitter:label2\" content=\"Est. reading time\" \/>\n\t<meta name=\"twitter:data2\" content=\"2 minutes\" \/>\n<script type=\"application\/ld+json\" class=\"yoast-schema-graph\">{\"@context\":\"https:\/\/schema.org\",\"@graph\":[{\"@type\":\"WebPage\",\"@id\":\"https:\/\/one-offmarbella.com\/marilyn-monroe\/\",\"url\":\"https:\/\/one-offmarbella.com\/marilyn-monroe\/\",\"name\":\"El Famoso Vestido de Marilyn Monroe - One Off Marbella\",\"isPartOf\":{\"@id\":\"https:\/\/one-offmarbella.com\/#website\"},\"primaryImageOfPage\":{\"@id\":\"https:\/\/one-offmarbella.com\/marilyn-monroe\/#primaryimage\"},\"image\":{\"@id\":\"https:\/\/one-offmarbella.com\/marilyn-monroe\/#primaryimage\"},\"thumbnailUrl\":\"https:\/\/one-offmarbella.com\/wp-content\/uploads\/2024\/11\/gettyimages-517387764-1.jpg\",\"datePublished\":\"2024-11-06T23:22:20+00:00\",\"dateModified\":\"2024-12-05T09:25:22+00:00\",\"author\":{\"@id\":\"https:\/\/one-offmarbella.com\/#\/schema\/person\/a237f9324277573163e27ccf42e4bdf0\"},\"breadcrumb\":{\"@id\":\"https:\/\/one-offmarbella.com\/marilyn-monroe\/#breadcrumb\"},\"inLanguage\":\"en-US\",\"potentialAction\":[{\"@type\":\"ReadAction\",\"target\":[\"https:\/\/one-offmarbella.com\/marilyn-monroe\/\"]}]},{\"@type\":\"ImageObject\",\"inLanguage\":\"en-US\",\"@id\":\"https:\/\/one-offmarbella.com\/marilyn-monroe\/#primaryimage\",\"url\":\"https:\/\/one-offmarbella.com\/wp-content\/uploads\/2024\/11\/gettyimages-517387764-1.jpg\",\"contentUrl\":\"https:\/\/one-offmarbella.com\/wp-content\/uploads\/2024\/11\/gettyimages-517387764-1.jpg\",\"width\":878,\"height\":1200},{\"@type\":\"BreadcrumbList\",\"@id\":\"https:\/\/one-offmarbella.com\/marilyn-monroe\/#breadcrumb\",\"itemListElement\":[{\"@type\":\"ListItem\",\"position\":1,\"name\":\"Portada\",\"item\":\"https:\/\/one-offmarbella.com\/\"},{\"@type\":\"ListItem\",\"position\":2,\"name\":\"El Famoso Vestido de Marilyn Monroe\"}]},{\"@type\":\"WebSite\",\"@id\":\"https:\/\/one-offmarbella.com\/#website\",\"url\":\"https:\/\/one-offmarbella.com\/\",\"name\":\"One - Off Marbella\",\"description\":\"Bienvenido a One - Off Marbella, la \u00fanica marca que hace prendas de numeraci\u00f3n \u00fanica y limitada. Calidad, sostenibilidad y personalidad.\",\"potentialAction\":[{\"@type\":\"SearchAction\",\"target\":{\"@type\":\"EntryPoint\",\"urlTemplate\":\"https:\/\/one-offmarbella.com\/?s={search_term_string}\"},\"query-input\":{\"@type\":\"PropertyValueSpecification\",\"valueRequired\":true,\"valueName\":\"search_term_string\"}}],\"inLanguage\":\"en-US\"},{\"@type\":\"Person\",\"@id\":\"https:\/\/one-offmarbella.com\/#\/schema\/person\/a237f9324277573163e27ccf42e4bdf0\",\"name\":\"Abrahamluma03\",\"image\":{\"@type\":\"ImageObject\",\"inLanguage\":\"en-US\",\"@id\":\"https:\/\/one-offmarbella.com\/#\/schema\/person\/image\/\",\"url\":\"https:\/\/secure.gravatar.com\/avatar\/f6af1cb08d2836714e62bb1c7cbd0e346576cb854fd3bd43183528ab048faecb?s=96&d=mm&r=g\",\"contentUrl\":\"https:\/\/secure.gravatar.com\/avatar\/f6af1cb08d2836714e62bb1c7cbd0e346576cb854fd3bd43183528ab048faecb?s=96&d=mm&r=g\",\"caption\":\"Abrahamluma03\"},\"sameAs\":[\"https:\/\/one-offmarbella.com\"],\"url\":\"https:\/\/one-offmarbella.com\/en\/author\/abrahamluma03\/\"}]}<\/script>\n<!-- \/ Yoast SEO plugin. -->","yoast_head_json":{"title":"El Famoso Vestido de Marilyn Monroe - One Off Marbella","robots":{"index":"index","follow":"follow","max-snippet":"max-snippet:-1","max-image-preview":"max-image-preview:large","max-video-preview":"max-video-preview:-1"},"canonical":"https:\/\/one-offmarbella.com\/en\/marilyn-monroe\/","og_locale":"en_US","og_type":"article","og_title":"El Famoso Vestido de Marilyn Monroe - One Off Marbella","og_description":"El misticismo que hab\u00eda de una pieza tan ic\u00f3nica de la moda como es el vestido de Marilyn en el cumplea\u00f1os de Kennedy.","og_url":"https:\/\/one-offmarbella.com\/en\/marilyn-monroe\/","og_site_name":"One Off Marbella","article_published_time":"2024-11-06T23:22:20+00:00","article_modified_time":"2024-12-05T09:25:22+00:00","og_image":[{"width":878,"height":1200,"url":"https:\/\/one-offmarbella.com\/wp-content\/uploads\/2024\/11\/gettyimages-517387764-1.jpg","type":"image\/jpeg"}],"author":"Abrahamluma03","twitter_card":"summary_large_image","twitter_misc":{"Written by":"Abrahamluma03","Est. reading time":"2 minutes"},"schema":{"@context":"https:\/\/schema.org","@graph":[{"@type":"WebPage","@id":"https:\/\/one-offmarbella.com\/marilyn-monroe\/","url":"https:\/\/one-offmarbella.com\/marilyn-monroe\/","name":"El Famoso Vestido de Marilyn Monroe - One Off Marbella","isPartOf":{"@id":"https:\/\/one-offmarbella.com\/#website"},"primaryImageOfPage":{"@id":"https:\/\/one-offmarbella.com\/marilyn-monroe\/#primaryimage"},"image":{"@id":"https:\/\/one-offmarbella.com\/marilyn-monroe\/#primaryimage"},"thumbnailUrl":"https:\/\/one-offmarbella.com\/wp-content\/uploads\/2024\/11\/gettyimages-517387764-1.jpg","datePublished":"2024-11-06T23:22:20+00:00","dateModified":"2024-12-05T09:25:22+00:00","author":{"@id":"https:\/\/one-offmarbella.com\/#\/schema\/person\/a237f9324277573163e27ccf42e4bdf0"},"breadcrumb":{"@id":"https:\/\/one-offmarbella.com\/marilyn-monroe\/#breadcrumb"},"inLanguage":"en-US","potentialAction":[{"@type":"ReadAction","target":["https:\/\/one-offmarbella.com\/marilyn-monroe\/"]}]},{"@type":"ImageObject","inLanguage":"en-US","@id":"https:\/\/one-offmarbella.com\/marilyn-monroe\/#primaryimage","url":"https:\/\/one-offmarbella.com\/wp-content\/uploads\/2024\/11\/gettyimages-517387764-1.jpg","contentUrl":"https:\/\/one-offmarbella.com\/wp-content\/uploads\/2024\/11\/gettyimages-517387764-1.jpg","width":878,"height":1200},{"@type":"BreadcrumbList","@id":"https:\/\/one-offmarbella.com\/marilyn-monroe\/#breadcrumb","itemListElement":[{"@type":"ListItem","position":1,"name":"Portada","item":"https:\/\/one-offmarbella.com\/"},{"@type":"ListItem","position":2,"name":"El Famoso Vestido de Marilyn Monroe"}]},{"@type":"WebSite","@id":"https:\/\/one-offmarbella.com\/#website","url":"https:\/\/one-offmarbella.com\/","name":"One - Off Marbella","description":"Bienvenido a One - Off Marbella, la \u00fanica marca que hace prendas de numeraci\u00f3n \u00fanica y limitada. Calidad, sostenibilidad y personalidad.","potentialAction":[{"@type":"SearchAction","target":{"@type":"EntryPoint","urlTemplate":"https:\/\/one-offmarbella.com\/?s={search_term_string}"},"query-input":{"@type":"PropertyValueSpecification","valueRequired":true,"valueName":"search_term_string"}}],"inLanguage":"en-US"},{"@type":"Person","@id":"https:\/\/one-offmarbella.com\/#\/schema\/person\/a237f9324277573163e27ccf42e4bdf0","name":"Abrahamluma03","image":{"@type":"ImageObject","inLanguage":"en-US","@id":"https:\/\/one-offmarbella.com\/#\/schema\/person\/image\/","url":"https:\/\/secure.gravatar.com\/avatar\/f6af1cb08d2836714e62bb1c7cbd0e346576cb854fd3bd43183528ab048faecb?s=96&d=mm&r=g","contentUrl":"https:\/\/secure.gravatar.com\/avatar\/f6af1cb08d2836714e62bb1c7cbd0e346576cb854fd3bd43183528ab048faecb?s=96&d=mm&r=g","caption":"Abrahamluma03"},"sameAs":["https:\/\/one-offmarbella.com"],"url":"https:\/\/one-offmarbella.com\/en\/author\/abrahamluma03\/"}]}},"_links":{"self":[{"href":"https:\/\/one-offmarbella.com\/en\/wp-json\/wp\/v2\/posts\/8735","targetHints":{"allow":["GET"]}}],"collection":[{"href":"https:\/\/one-offmarbella.com\/en\/wp-json\/wp\/v2\/posts"}],"about":[{"href":"https:\/\/one-offmarbella.com\/en\/wp-json\/wp\/v2\/types\/post"}],"author":[{"embeddable":true,"href":"https:\/\/one-offmarbella.com\/en\/wp-json\/wp\/v2\/users\/1"}],"replies":[{"embeddable":true,"href":"https:\/\/one-offmarbella.com\/en\/wp-json\/wp\/v2\/comments?post=8735"}],"version-history":[{"count":1,"href":"https:\/\/one-offmarbella.com\/en\/wp-json\/wp\/v2\/posts\/8735\/revisions"}],"predecessor-version":[{"id":8738,"href":"https:\/\/one-offmarbella.com\/en\/wp-json\/wp\/v2\/posts\/8735\/revisions\/8738"}],"wp:featuredmedia":[{"embeddable":true,"href":"https:\/\/one-offmarbella.com\/en\/wp-json\/wp\/v2\/media\/8736"}],"wp:attachment":[{"href":"https:\/\/one-offmarbella.com\/en\/wp-json\/wp\/v2\/media?parent=8735"}],"wp:term":[{"taxonomy":"category","embeddable":true,"href":"https:\/\/one-offmarbella.com\/en\/wp-json\/wp\/v2\/categories?post=8735"},{"taxonomy":"post_tag","embeddable":true,"href":"https:\/\/one-offmarbella.com\/en\/wp-json\/wp\/v2\/tags?post=8735"}],"curies":[{"name":"wp","href":"https:\/\/api.w.org\/{rel}","templated":true}]}}