{"id":8722,"date":"2024-11-06T23:08:27","date_gmt":"2024-11-06T23:08:27","guid":{"rendered":"https:\/\/one-offmarbella.com\/?p=8722"},"modified":"2024-12-05T09:28:33","modified_gmt":"2024-12-05T09:28:33","slug":"bolso-birkin","status":"publish","type":"post","link":"https:\/\/one-offmarbella.com\/en\/bolso-birkin\/","title":{"rendered":"Birkin Bag by Herm\u00e8s"},"content":{"rendered":"<h2 class=\"wp-block-heading\">La historia de como se dise\u00f1o uno de los iconos de la moda.<\/h2><p>Created in 1984, legend has it that on a flight from Paris to London, French singer and actress Jane Birkin was carrying her famous wicker basket. She tried to fit her basket into the overhead compartment when everything fell out, and she began to complain. It so happened that Jean Louis Dumas (president of Hermes and creative director) was sitting next to her and asked why she used a basket as a bag. She replied that it was the only bag that could fit everything she needed to carry, and thus, the Birkin Bag was born. They designed this bag together.<\/p><p>&nbsp;It broke the record for the most expensive bag sold at auction at $500,000. This is the Birkin Himalaya with an 18-carat diamond in white gold and made of albino crocodile skin. Its value has increased by 500% in the last 30 years.<\/p><p>There used to be a waiting list of 6 years; now you have to be given the opportunity to buy it, which only happens if you have spent a lot of money at Hermes before or if you are a celebrity.<\/p><figure class=\"wp-block-image size-large is-resized\"><img fetchpriority=\"high\" decoding=\"async\" width=\"622\" height=\"1024\" src=\"https:\/\/one-offmarbella.com\/wp-content\/uploads\/2024\/11\/650_1200-622x1024.jpg\" alt=\"\" class=\"wp-image-8724\" style=\"width:333px;height:auto\" srcset=\"https:\/\/one-offmarbella.com\/wp-content\/uploads\/2024\/11\/650_1200-622x1024.jpg 622w, https:\/\/one-offmarbella.com\/wp-content\/uploads\/2024\/11\/650_1200-600x988.jpg 600w, https:\/\/one-offmarbella.com\/wp-content\/uploads\/2024\/11\/650_1200-182x300.jpg 182w, https:\/\/one-offmarbella.com\/wp-content\/uploads\/2024\/11\/650_1200-7x12.jpg 7w, https:\/\/one-offmarbella.com\/wp-content\/uploads\/2024\/11\/650_1200-200x329.jpg 200w, https:\/\/one-offmarbella.com\/wp-content\/uploads\/2024\/11\/650_1200.jpg 650w\" sizes=\"(max-width: 622px) 100vw, 622px\" \/><\/figure><p>Se tarda entre 25 \u2013 48h en hacer cada uno y existen varios tama\u00f1os: 25, 30, 35 cm siendo el de 35 el m\u00e1s famoso.<\/p><p>&nbsp;The exclusivity of the bag lies in the fact that no two are alike since each one is handmade. Hermes keeps very well guarded the number of bags they make each year.<\/p><p><\/p>","protected":false},"excerpt":{"rendered":"<p>La historia de como se cre\u00f3 en un avi\u00f3n uno de los bolsos mas ic\u00f3nicos del mundo.<\/p>","protected":false},"author":1,"featured_media":8723,"comment_status":"closed","ping_status":"open","sticky":false,"template":"","format":"standard","meta":{"footnotes":""},"categories":[103],"tags":[],"class_list":["post-8722","post","type-post","status-publish","format-standard","has-post-thumbnail","hentry","category-historias-de-lujo"],"yoast_head":"<!-- This site is optimized with the Yoast SEO plugin v24.3 - https:\/\/yoast.com\/wordpress\/plugins\/seo\/ -->\n<title>Bolso Birkin de Herm\u00e8s - One Off Marbella<\/title>\n<meta name=\"robots\" content=\"index, follow, max-snippet:-1, max-image-preview:large, max-video-preview:-1\" \/>\n<link rel=\"canonical\" href=\"https:\/\/one-offmarbella.com\/en\/bolso-birkin\/\" \/>\n<meta property=\"og:locale\" content=\"en_US\" \/>\n<meta property=\"og:type\" content=\"article\" \/>\n<meta property=\"og:title\" content=\"Bolso Birkin de Herm\u00e8s - One Off Marbella\" \/>\n<meta property=\"og:description\" content=\"La historia de como se cre\u00f3 en un avi\u00f3n uno de los bolsos mas ic\u00f3nicos del mundo.\" \/>\n<meta property=\"og:url\" content=\"https:\/\/one-offmarbella.com\/en\/bolso-birkin\/\" \/>\n<meta property=\"og:site_name\" content=\"One Off Marbella\" \/>\n<meta property=\"article:published_time\" content=\"2024-11-06T23:08:27+00:00\" \/>\n<meta property=\"article:modified_time\" content=\"2024-12-05T09:28:33+00:00\" \/>\n<meta property=\"og:image\" content=\"https:\/\/one-offmarbella.com\/wp-content\/uploads\/2024\/11\/may-berthelot-wears-high-waist-white-latte-palazzo-flared-news-photo-1677070543-1.jpg\" \/>\n\t<meta property=\"og:image:width\" content=\"1024\" \/>\n\t<meta property=\"og:image:height\" content=\"683\" \/>\n\t<meta property=\"og:image:type\" content=\"image\/jpeg\" \/>\n<meta name=\"author\" content=\"Abrahamluma03\" \/>\n<meta name=\"twitter:card\" content=\"summary_large_image\" \/>\n<meta name=\"twitter:label1\" content=\"Written by\" \/>\n\t<meta name=\"twitter:data1\" content=\"Abrahamluma03\" \/>\n\t<meta name=\"twitter:label2\" content=\"Est. reading time\" \/>\n\t<meta name=\"twitter:data2\" content=\"2 minutes\" \/>\n<script type=\"application\/ld+json\" class=\"yoast-schema-graph\">{\"@context\":\"https:\/\/schema.org\",\"@graph\":[{\"@type\":\"WebPage\",\"@id\":\"https:\/\/one-offmarbella.com\/bolso-birkin\/\",\"url\":\"https:\/\/one-offmarbella.com\/bolso-birkin\/\",\"name\":\"Bolso Birkin de Herm\u00e8s - One Off Marbella\",\"isPartOf\":{\"@id\":\"https:\/\/one-offmarbella.com\/#website\"},\"primaryImageOfPage\":{\"@id\":\"https:\/\/one-offmarbella.com\/bolso-birkin\/#primaryimage\"},\"image\":{\"@id\":\"https:\/\/one-offmarbella.com\/bolso-birkin\/#primaryimage\"},\"thumbnailUrl\":\"https:\/\/one-offmarbella.com\/wp-content\/uploads\/2024\/11\/may-berthelot-wears-high-waist-white-latte-palazzo-flared-news-photo-1677070543-1.jpg\",\"datePublished\":\"2024-11-06T23:08:27+00:00\",\"dateModified\":\"2024-12-05T09:28:33+00:00\",\"author\":{\"@id\":\"https:\/\/one-offmarbella.com\/#\/schema\/person\/a237f9324277573163e27ccf42e4bdf0\"},\"breadcrumb\":{\"@id\":\"https:\/\/one-offmarbella.com\/bolso-birkin\/#breadcrumb\"},\"inLanguage\":\"en-US\",\"potentialAction\":[{\"@type\":\"ReadAction\",\"target\":[\"https:\/\/one-offmarbella.com\/bolso-birkin\/\"]}]},{\"@type\":\"ImageObject\",\"inLanguage\":\"en-US\",\"@id\":\"https:\/\/one-offmarbella.com\/bolso-birkin\/#primaryimage\",\"url\":\"https:\/\/one-offmarbella.com\/wp-content\/uploads\/2024\/11\/may-berthelot-wears-high-waist-white-latte-palazzo-flared-news-photo-1677070543-1.jpg\",\"contentUrl\":\"https:\/\/one-offmarbella.com\/wp-content\/uploads\/2024\/11\/may-berthelot-wears-high-waist-white-latte-palazzo-flared-news-photo-1677070543-1.jpg\",\"width\":1024,\"height\":683},{\"@type\":\"BreadcrumbList\",\"@id\":\"https:\/\/one-offmarbella.com\/bolso-birkin\/#breadcrumb\",\"itemListElement\":[{\"@type\":\"ListItem\",\"position\":1,\"name\":\"Portada\",\"item\":\"https:\/\/one-offmarbella.com\/\"},{\"@type\":\"ListItem\",\"position\":2,\"name\":\"Bolso Birkin de Herm\u00e8s\"}]},{\"@type\":\"WebSite\",\"@id\":\"https:\/\/one-offmarbella.com\/#website\",\"url\":\"https:\/\/one-offmarbella.com\/\",\"name\":\"One - Off Marbella\",\"description\":\"Bienvenido a One - Off Marbella, la \u00fanica marca que hace prendas de numeraci\u00f3n \u00fanica y limitada. Calidad, sostenibilidad y personalidad.\",\"potentialAction\":[{\"@type\":\"SearchAction\",\"target\":{\"@type\":\"EntryPoint\",\"urlTemplate\":\"https:\/\/one-offmarbella.com\/?s={search_term_string}\"},\"query-input\":{\"@type\":\"PropertyValueSpecification\",\"valueRequired\":true,\"valueName\":\"search_term_string\"}}],\"inLanguage\":\"en-US\"},{\"@type\":\"Person\",\"@id\":\"https:\/\/one-offmarbella.com\/#\/schema\/person\/a237f9324277573163e27ccf42e4bdf0\",\"name\":\"Abrahamluma03\",\"image\":{\"@type\":\"ImageObject\",\"inLanguage\":\"en-US\",\"@id\":\"https:\/\/one-offmarbella.com\/#\/schema\/person\/image\/\",\"url\":\"https:\/\/secure.gravatar.com\/avatar\/f6af1cb08d2836714e62bb1c7cbd0e346576cb854fd3bd43183528ab048faecb?s=96&d=mm&r=g\",\"contentUrl\":\"https:\/\/secure.gravatar.com\/avatar\/f6af1cb08d2836714e62bb1c7cbd0e346576cb854fd3bd43183528ab048faecb?s=96&d=mm&r=g\",\"caption\":\"Abrahamluma03\"},\"sameAs\":[\"https:\/\/one-offmarbella.com\"],\"url\":\"https:\/\/one-offmarbella.com\/en\/author\/abrahamluma03\/\"}]}<\/script>\n<!-- \/ Yoast SEO plugin. -->","yoast_head_json":{"title":"Bolso Birkin de Herm\u00e8s - One Off Marbella","robots":{"index":"index","follow":"follow","max-snippet":"max-snippet:-1","max-image-preview":"max-image-preview:large","max-video-preview":"max-video-preview:-1"},"canonical":"https:\/\/one-offmarbella.com\/en\/bolso-birkin\/","og_locale":"en_US","og_type":"article","og_title":"Bolso Birkin de Herm\u00e8s - One Off Marbella","og_description":"La historia de como se cre\u00f3 en un avi\u00f3n uno de los bolsos mas ic\u00f3nicos del mundo.","og_url":"https:\/\/one-offmarbella.com\/en\/bolso-birkin\/","og_site_name":"One Off Marbella","article_published_time":"2024-11-06T23:08:27+00:00","article_modified_time":"2024-12-05T09:28:33+00:00","og_image":[{"width":1024,"height":683,"url":"https:\/\/one-offmarbella.com\/wp-content\/uploads\/2024\/11\/may-berthelot-wears-high-waist-white-latte-palazzo-flared-news-photo-1677070543-1.jpg","type":"image\/jpeg"}],"author":"Abrahamluma03","twitter_card":"summary_large_image","twitter_misc":{"Written by":"Abrahamluma03","Est. reading time":"2 minutes"},"schema":{"@context":"https:\/\/schema.org","@graph":[{"@type":"WebPage","@id":"https:\/\/one-offmarbella.com\/bolso-birkin\/","url":"https:\/\/one-offmarbella.com\/bolso-birkin\/","name":"Bolso Birkin de Herm\u00e8s - One Off Marbella","isPartOf":{"@id":"https:\/\/one-offmarbella.com\/#website"},"primaryImageOfPage":{"@id":"https:\/\/one-offmarbella.com\/bolso-birkin\/#primaryimage"},"image":{"@id":"https:\/\/one-offmarbella.com\/bolso-birkin\/#primaryimage"},"thumbnailUrl":"https:\/\/one-offmarbella.com\/wp-content\/uploads\/2024\/11\/may-berthelot-wears-high-waist-white-latte-palazzo-flared-news-photo-1677070543-1.jpg","datePublished":"2024-11-06T23:08:27+00:00","dateModified":"2024-12-05T09:28:33+00:00","author":{"@id":"https:\/\/one-offmarbella.com\/#\/schema\/person\/a237f9324277573163e27ccf42e4bdf0"},"breadcrumb":{"@id":"https:\/\/one-offmarbella.com\/bolso-birkin\/#breadcrumb"},"inLanguage":"en-US","potentialAction":[{"@type":"ReadAction","target":["https:\/\/one-offmarbella.com\/bolso-birkin\/"]}]},{"@type":"ImageObject","inLanguage":"en-US","@id":"https:\/\/one-offmarbella.com\/bolso-birkin\/#primaryimage","url":"https:\/\/one-offmarbella.com\/wp-content\/uploads\/2024\/11\/may-berthelot-wears-high-waist-white-latte-palazzo-flared-news-photo-1677070543-1.jpg","contentUrl":"https:\/\/one-offmarbella.com\/wp-content\/uploads\/2024\/11\/may-berthelot-wears-high-waist-white-latte-palazzo-flared-news-photo-1677070543-1.jpg","width":1024,"height":683},{"@type":"BreadcrumbList","@id":"https:\/\/one-offmarbella.com\/bolso-birkin\/#breadcrumb","itemListElement":[{"@type":"ListItem","position":1,"name":"Portada","item":"https:\/\/one-offmarbella.com\/"},{"@type":"ListItem","position":2,"name":"Bolso Birkin de Herm\u00e8s"}]},{"@type":"WebSite","@id":"https:\/\/one-offmarbella.com\/#website","url":"https:\/\/one-offmarbella.com\/","name":"One - Off Marbella","description":"Bienvenido a One - Off Marbella, la \u00fanica marca que hace prendas de numeraci\u00f3n \u00fanica y limitada. Calidad, sostenibilidad y personalidad.","potentialAction":[{"@type":"SearchAction","target":{"@type":"EntryPoint","urlTemplate":"https:\/\/one-offmarbella.com\/?s={search_term_string}"},"query-input":{"@type":"PropertyValueSpecification","valueRequired":true,"valueName":"search_term_string"}}],"inLanguage":"en-US"},{"@type":"Person","@id":"https:\/\/one-offmarbella.com\/#\/schema\/person\/a237f9324277573163e27ccf42e4bdf0","name":"Abrahamluma03","image":{"@type":"ImageObject","inLanguage":"en-US","@id":"https:\/\/one-offmarbella.com\/#\/schema\/person\/image\/","url":"https:\/\/secure.gravatar.com\/avatar\/f6af1cb08d2836714e62bb1c7cbd0e346576cb854fd3bd43183528ab048faecb?s=96&d=mm&r=g","contentUrl":"https:\/\/secure.gravatar.com\/avatar\/f6af1cb08d2836714e62bb1c7cbd0e346576cb854fd3bd43183528ab048faecb?s=96&d=mm&r=g","caption":"Abrahamluma03"},"sameAs":["https:\/\/one-offmarbella.com"],"url":"https:\/\/one-offmarbella.com\/en\/author\/abrahamluma03\/"}]}},"_links":{"self":[{"href":"https:\/\/one-offmarbella.com\/en\/wp-json\/wp\/v2\/posts\/8722","targetHints":{"allow":["GET"]}}],"collection":[{"href":"https:\/\/one-offmarbella.com\/en\/wp-json\/wp\/v2\/posts"}],"about":[{"href":"https:\/\/one-offmarbella.com\/en\/wp-json\/wp\/v2\/types\/post"}],"author":[{"embeddable":true,"href":"https:\/\/one-offmarbella.com\/en\/wp-json\/wp\/v2\/users\/1"}],"replies":[{"embeddable":true,"href":"https:\/\/one-offmarbella.com\/en\/wp-json\/wp\/v2\/comments?post=8722"}],"version-history":[{"count":1,"href":"https:\/\/one-offmarbella.com\/en\/wp-json\/wp\/v2\/posts\/8722\/revisions"}],"predecessor-version":[{"id":8725,"href":"https:\/\/one-offmarbella.com\/en\/wp-json\/wp\/v2\/posts\/8722\/revisions\/8725"}],"wp:featuredmedia":[{"embeddable":true,"href":"https:\/\/one-offmarbella.com\/en\/wp-json\/wp\/v2\/media\/8723"}],"wp:attachment":[{"href":"https:\/\/one-offmarbella.com\/en\/wp-json\/wp\/v2\/media?parent=8722"}],"wp:term":[{"taxonomy":"category","embeddable":true,"href":"https:\/\/one-offmarbella.com\/en\/wp-json\/wp\/v2\/categories?post=8722"},{"taxonomy":"post_tag","embeddable":true,"href":"https:\/\/one-offmarbella.com\/en\/wp-json\/wp\/v2\/tags?post=8722"}],"curies":[{"name":"wp","href":"https:\/\/api.w.org\/{rel}","templated":true}]}}